{"id":1352,"date":"2016-06-24T18:11:00","date_gmt":"2016-06-24T16:11:00","guid":{"rendered":"http:\/\/asc-triathlon.de\/?p=1352"},"modified":"2021-10-24T12:57:33","modified_gmt":"2021-10-24T10:57:33","slug":"3defacto-team-asc-darmstadt-weiter-auf-der-erfolgsspur","status":"publish","type":"post","link":"https:\/\/asc-triathlon.de\/2016\/06\/24\/3defacto-team-asc-darmstadt-weiter-auf-der-erfolgsspur\/","title":{"rendered":"3defacto Team asc Darmstadt weiter auf der Erfolgsspur"},"content":{"rendered":"<p style=\"text-align: justify;\">Am vergangenen Sonntag starteten die Damen und Herren des 3defacto Team asc Darmstadt beim Mittelmoseltriathlon in Zell. Nach langen Debatten wegen des Hochwassers der Mosel wurde aus der Veranstaltung ein Duathlon. Die Regionalliga absolvierte somit 5,2 km Laufen, 40 km Rad &#8230;<\/p>\n<p><!--more-->fahren und 10,4 km laufen.Dies war eine besondere Herausforderung f\u00fcr alle Athleten und Athletinnen. Bei warmen bew\u00f6lktem Wetter gingen bei den Herren Christian Morgenstern, S\u00f6ren Otten, Steffen Rupp, Andreas Thiel und Andreas Tschishakowski an den Start.<\/p>\n<p>S\u00f6ren Otten platzierte sich in der ersten Runde des 5 km Laufs in der Spitzengruppe verlor allerdings in der\u00a0 zweiten Runde auf Grund von R\u00fcckenbeschwerden. Auf dem Rad konnte er seine Position halten und ging zeitgleich mit seinem Teamkollegen Andreas Thiel vom Rad. \u201eBeim Anschlusslauf f\u00fchlte ich mich wieder besser, allerdings war ich zeitlich gesehen nicht schnell genug\u201c so Otten.<a href=\"https:\/\/asc-triathlon.de\/wp-content\/uploads\/2016\/06\/P6190807.jpg\"><img decoding=\"async\" loading=\"lazy\" class=\"size-medium wp-image-1356 aligncenter\" src=\"https:\/\/asc-triathlon.de\/wp-content\/uploads\/2016\/06\/P6190807-300x225.jpg\" alt=\"\" width=\"300\" height=\"225\" srcset=\"https:\/\/asc-triathlon.de\/wp-content\/uploads\/2016\/06\/P6190807-300x225.jpg 300w, https:\/\/asc-triathlon.de\/wp-content\/uploads\/2016\/06\/P6190807.jpg 527w\" sizes=\"(max-width: 300px) 100vw, 300px\" \/><\/a><\/p>\n<p style=\"text-align: justify;\">Andreas Tschishakowski zeigte eine solide Laufleistung. Nach einer erfolgreichen Aufholjagd auf dem Fahrrad schaffte es als zweiter seines Teams ins Ziel zu kommen und belegte Platz 14 im Gesamtfeld der Regionalliga Mitte.\u00a0Steffen Rupp zeigte sich als erfahrener Athlet und teilte sich sein Rennen sehr gut ein. Er ging das Rennen sehr defensiv an &#8211; was sich auszahlte. Nach 40 km auf dem Rad konnte er beim abschlie\u00dfenden Lauf durchstarten und kassierte einen Athleten nach dem anderen. Am Schluss reichte seine gute Laufleistung f\u00fcr Platz 20 im Gesamtklassement.<a href=\"https:\/\/asc-triathlon.de\/wp-content\/uploads\/2016\/06\/P6190845.jpg\"><img decoding=\"async\" loading=\"lazy\" class=\"size-medium wp-image-1357 aligncenter\" src=\"https:\/\/asc-triathlon.de\/wp-content\/uploads\/2016\/06\/P6190845-300x225.jpg\" alt=\"\" width=\"300\" height=\"225\" srcset=\"https:\/\/asc-triathlon.de\/wp-content\/uploads\/2016\/06\/P6190845-300x225.jpg 300w, https:\/\/asc-triathlon.de\/wp-content\/uploads\/2016\/06\/P6190845.jpg 527w\" sizes=\"(max-width: 300px) 100vw, 300px\" \/><\/a><\/p>\n<p style=\"text-align: justify;\">Christian Morgenstern ging das Rennen auch sehr verhalten an. Auf der ersten Radrunde fuhr er bis auf eine Minute an S\u00f6ren und Andreas Thiel heran. Leider konnte er in der zweiten Runde dieses Tempo nicht halten und mu\u00dfte seine Teamkollegen ziehen lassen. Am Ende schaffte es Christian Morgenstern auf dem 22. Platz in der Gesamtwertung.<br \/>\nAndreas Thiel startete mit einer starken Laufleistung. Er versuchte seinen Teamkollegen S\u00f6ren nicht aus den Augen zu verlieren. Beim Rad fahren konnte er nach einigen Kilometern auf S\u00f6ren Otten aufschlie\u00dfen. Allerdings wurden f\u00fcr Thiel die abschlie\u00dfenden 10,4 km Laufen zu einer wahren Herausforderung. Er k\u00e4mpfte ab dem ersten Kilometer mit muskul\u00e4ren Problemen und Kr\u00e4mpfen die er nie so erwartet hatte. Zum Schluss rettete er sich auf Platz 29 ins Ziel.<br \/>\nDie Herren des 3defato Team asc Darmstadt schafften, durch ihre guten Einzelergebnisse den<br \/>\n2. Platz der Tageswertung.<a href=\"https:\/\/asc-triathlon.de\/wp-content\/uploads\/2016\/06\/P6191705.jpg\"><img decoding=\"async\" loading=\"lazy\" class=\"size-medium wp-image-1364 aligncenter\" src=\"https:\/\/asc-triathlon.de\/wp-content\/uploads\/2016\/06\/P6191705-300x225.jpg\" alt=\"\" width=\"300\" height=\"225\" srcset=\"https:\/\/asc-triathlon.de\/wp-content\/uploads\/2016\/06\/P6191705-300x225.jpg 300w, https:\/\/asc-triathlon.de\/wp-content\/uploads\/2016\/06\/P6191705.jpg 527w\" sizes=\"(max-width: 300px) 100vw, 300px\" \/><\/a><a href=\"https:\/\/asc-triathlon.de\/wp-content\/uploads\/2016\/06\/P6191696.jpg\"><br \/>\n<\/a><\/p>\n<p style=\"text-align: justify;\">Bei den Damen gingen Palina Dubino, Anna Schloss, Silke Tesseraux und Joanna Tywczynski an den Start. Palina ging als 3. Frau nach dem Laufen auf die Radstrecke und dominierte nach den ersten 10 km das Damenrennen bis ins Ziel.<a href=\"https:\/\/asc-triathlon.de\/wp-content\/uploads\/2016\/06\/P6191536.jpg\"><img decoding=\"async\" loading=\"lazy\" class=\"size-medium wp-image-1358 aligncenter\" src=\"https:\/\/asc-triathlon.de\/wp-content\/uploads\/2016\/06\/P6191536-300x225.jpg\" alt=\"\" width=\"300\" height=\"225\" srcset=\"https:\/\/asc-triathlon.de\/wp-content\/uploads\/2016\/06\/P6191536-300x225.jpg 300w, https:\/\/asc-triathlon.de\/wp-content\/uploads\/2016\/06\/P6191536.jpg 527w\" sizes=\"(max-width: 300px) 100vw, 300px\" \/><\/a><a href=\"https:\/\/asc-triathlon.de\/wp-content\/uploads\/2016\/06\/P6191686.jpg\"><br \/>\n<\/a><br \/>\nAnna Schlo\u00df zeigte eine durchweg starke Leistung und behielt ihre Teamkollegin Palina immer im Blick. Als 4. Frau ging sie auf die Radstrecke und verfolgte ihre Teamkollegin auf Schritt und Tritt. Am Ende wurde Anna Schloss 2. Frau mit einer Minute R\u00fcckstand.<br \/>\nJoanna Tywczynski r\u00e4umte das Feld von hinten auf. Sie lie\u00df es bei den ersten 5 km ruhig angehen. Bei den 40 km Rad fahren zeigte sie ihr k\u00f6nnen und versuchte den Anschlu\u00df an die Spitze zu halten. Beim Anschlusslauf zeigte sich ihr Ironman Training der letzten Wochen. Auf den letzten Kilometern der Laufstrecke \u00fcberholte sie noch einige ihrer Konkurrentinnen und schob sich nach vorne auf Platz 10.<img decoding=\"async\" loading=\"lazy\" class=\"size-medium wp-image-1363 aligncenter\" src=\"https:\/\/asc-triathlon.de\/wp-content\/uploads\/2016\/06\/P6191696-300x225.jpg\" alt=\"\" width=\"300\" height=\"225\" srcset=\"https:\/\/asc-triathlon.de\/wp-content\/uploads\/2016\/06\/P6191696-300x225.jpg 300w, https:\/\/asc-triathlon.de\/wp-content\/uploads\/2016\/06\/P6191696.jpg 527w\" sizes=\"(max-width: 300px) 100vw, 300px\" \/><br \/>\nSilke Tesseraux sicherte das Feld von hinten ab. Als erfahrene Athletin lief sie die ersten 5 km ruhig an. Beim Rad fahren konnte sie eine gute Leistung abrufen und machte einige Pl\u00e4tze gut. Die 10,4 km lief sie locker ins Ziel.<br \/>\nMit dem 1. Platz in der Teamwertung der Regionalliga waren die Frauen \u00fcbergl\u00fccklich.<\/p>\n<p style=\"text-align: justify;\">Daniel Koppenburg als Einzelstarter f\u00fcr das 3defacto Team asc Darmstadt unterwegs, finishte hier seinen 2. Duathlon. Er lie\u00df es ruhig angehen und bedankte sich bei den vielen Zuschauern welche die Strecke s\u00e4umten mit einem l\u00e4cheln. Am Ende belegte er den 27. Platz in der Gesamtwertung der Sprintdistanz.<\/p>\n","protected":false},"excerpt":{"rendered":"<p>Am vergangenen Sonntag starteten die Damen und Herren des 3defacto Team asc Darmstadt beim Mittelmoseltriathlon in Zell. Nach langen Debatten wegen des Hochwassers der Mosel wurde aus der Veranstaltung ein Duathlon. Die Regionalliga absolvierte somit 5,2 km Laufen, 40 km Rad &#8230;<\/p>\n","protected":false},"author":2,"featured_media":1353,"comment_status":"closed","ping_status":"closed","sticky":false,"template":"","format":"standard","meta":[],"categories":[1],"tags":[],"_links":{"self":[{"href":"https:\/\/asc-triathlon.de\/wp-json\/wp\/v2\/posts\/1352"}],"collection":[{"href":"https:\/\/asc-triathlon.de\/wp-json\/wp\/v2\/posts"}],"about":[{"href":"https:\/\/asc-triathlon.de\/wp-json\/wp\/v2\/types\/post"}],"author":[{"embeddable":true,"href":"https:\/\/asc-triathlon.de\/wp-json\/wp\/v2\/users\/2"}],"replies":[{"embeddable":true,"href":"https:\/\/asc-triathlon.de\/wp-json\/wp\/v2\/comments?post=1352"}],"version-history":[{"count":5,"href":"https:\/\/asc-triathlon.de\/wp-json\/wp\/v2\/posts\/1352\/revisions"}],"predecessor-version":[{"id":3871,"href":"https:\/\/asc-triathlon.de\/wp-json\/wp\/v2\/posts\/1352\/revisions\/3871"}],"wp:featuredmedia":[{"embeddable":true,"href":"https:\/\/asc-triathlon.de\/wp-json\/wp\/v2\/media\/1353"}],"wp:attachment":[{"href":"https:\/\/asc-triathlon.de\/wp-json\/wp\/v2\/media?parent=1352"}],"wp:term":[{"taxonomy":"category","embeddable":true,"href":"https:\/\/asc-triathlon.de\/wp-json\/wp\/v2\/categories?post=1352"},{"taxonomy":"post_tag","embeddable":true,"href":"https:\/\/asc-triathlon.de\/wp-json\/wp\/v2\/tags?post=1352"}],"curies":[{"name":"wp","href":"https:\/\/api.w.org\/{rel}","templated":true}]}}